{"id":5187,"date":"2023-06-28T08:10:45","date_gmt":"2023-06-28T08:10:45","guid":{"rendered":"https:\/\/edinor.eus\/?p=5187"},"modified":"2023-07-03T09:17:35","modified_gmt":"2023-07-03T09:17:35","slug":"toda-navarra-i-energia-komunitateak-bete-betean-abian-jartzeko-azken-urratsak-egingo-ditu","status":"publish","type":"post","link":"https:\/\/www.edinor.eus\/eu\/berriak\/toda-navarra-i-energia-komunitateak-bete-betean-abian-jartzeko-azken-urratsak-egingo-ditu\/","title":{"rendered":"\u2018TODA Navarra I\u2019 energia komunitateak bete-betean abian jartzeko azken urratsak egingo ditu"},"content":{"rendered":"<p>[vc_row css=&#8221;.vc_custom_1657704521321{margin-bottom: 30px !important;}&#8221;][vc_column][vc_row_inner][vc_column_inner]<div id=\"ultimate-heading-514669f0fb1dcc0e6\" class=\"uvc-heading ult-adjust-bottom-margin ultimate-heading-514669f0fb1dcc0e6 uvc-451 \" data-hspacer=\"no_spacer\"  data-halign=\"left\" style=\"text-align:left\"><div class=\"uvc-heading-spacer no_spacer\" style=\"top\"><\/div><div class=\"uvc-main-heading ult-responsive\"  data-ultimate-target='.uvc-heading.ultimate-heading-514669f0fb1dcc0e6 h1'  data-responsive-json-new='{\"font-size\":\"desktop:40px;\",\"line-height\":\"desktop:48px;\"}' ><h1 style=\"--font-weight:theme;color:#33cbcf;margin-bottom:30px;\">Nafarroako udaletako ordezkariak, gaurko bileran; eta eskuman, Edinorreko kontseilari ordezkari Juan Diego.<\/h1><\/div><\/div>[\/vc_column_inner][\/vc_row_inner][vc_row_inner][vc_column_inner][vc_column_text]<\/p>\n<p style=\"text-align: left;\">28 JUNIO 2023<\/p>\n<p>[\/vc_column_text][vc_column_text]<\/p>\n<div class=\"noticia_extracto\">\n<div class=\"noticia_extracto\">\n<div class=\"noticia_extracto\">\u2018TODA Navarra I\u2019 energia komunitatea osatzen duten udaletako alkateek eta ordezkariek bilera egin dute gaur Nafarroako Merkataritza Ganberan, proiektuaren aurrerapenak ebaluatzeko eta energia komunitatea erabat martxan jartzeko azken urratsak adosteko.<\/div>\n<div class=\"noticia_content\">\n<p>Nafarroako Merkataritza Ganberak eta Nafarroako Udal eta Kontzejuen Federazioak (NUKF) bultzatuta eratu zen 2022an \u2018TODA Navarra I\u2019 energia komunitatea, eta, gainera, Nafarroako Gobernuaren, CENERen eta\u00a0<strong>Petronor<\/strong>ren filiala den Edinor-en babesa du, bazkide teknologiko gisa.<\/p>\n<p>Nafarroako 26 udalek parte hartzen dute \u2018TODA Navarra I\u2019 energia komunitatean. Hain zuzen ere, Ablitas, Andosilla, Arguedas, Arma\u00f1antzas, Azagra, Bu\u00f1uel, Cadreita, Cascante, Fitero, Fusti\u00f1ana, Jaurrieta, Legarda, Lekunberri, Martzilla, Mendabia, Milagro, Mues, Erriberri, Oteitza, Azkoien, Donamartiri Untz, Torralba, Uxue, Valtierra, Alesbes eta Atarrabiakoek.<\/p>\n<p>Bilkuran, Mar\u00eda Carmen Segura \u2018TODA Navarra I\u2019 energia komunitateko presidente eta Alesbesko alkateak jakinarazi du 46 instalazio fotovoltaiko egiten hasi direla dagoeneko, eta 7.301 eguzki-plaka jarriko dituztela. Adierazi duenez, azaroan 21.900 m2 plaka jarriko dituzte, komunitate energetiko hori osatzen duten 26 udalek lagatako eraikinen teilatuak estaltzeko. Halaber, adierazi du plakak jartzeko ordena meteorologiak eta beste kontu administratibo eta tekniko batzuek baldintzatuko dutela.<\/p>\n<p>Segurak azpimarratu duenez, \u201ckomunitateko udalok ilusio handia dugu proiektuarekin, gure herritarrei, saltokiei eta enpresa txiki eta ertainei aurrezteko aukera emango baitie, eta, gainera, trantsizio energetikoarekin bat egiten dugu eta ingurumenaren iraunkortasunari laguntzen diogu\u201d. Era berean, \u2018TODA Navarra I\u2019 komunitateko presidenteak azpimarratu du sentsibilitate eta kolore politiko ezberdinak batzen dituen proiektua dela.<\/p>\n<p>Orain, udalek informazio- eta hedapen-kanpaina bat abiaraztea erabaki dute. Uztailean 10 udalerritan egingo da, eta irailetik aurrera, udalerri guztietan, proiektua herri horietako bizilagunei hurbiltzeko eta urriaren amaieran 2.000 bazkidera iristeko.<\/p>\n<p>\u2018TODA Navarra I\u2019 energia komunitatea proiektu erabat aitzindaria da estatu mailan. Hain udalerri kopuru handia biltzen duen eta Next Generation Europako Funtsen babes handia jaso duen lehen energia-komunitatea da, eta Estatu mailan funts horiek esleitzea erabaki zuen deialdian gehien baloratutako proiektuetako bat da.<\/p>\n<\/div>\n<\/div>\n<\/div>\n<p>[\/vc_column_text][\/vc_column_inner][\/vc_row_inner][\/vc_column][\/vc_row]<\/p>\n","protected":false},"excerpt":{"rendered":"<p>\u2018TODA Navarra I\u2019 energia komunitatea osatzen duten udaletako alkateek eta ordezkariek bilera egin dute gaur Nafarroako Merkataritza Ganberan, proiektuaren aurrerapenak ebaluatzeko eta energia komunitatea erabat martxan jartzeko azken urratsak adosteko.<\/p>\n","protected":false},"author":2,"featured_media":5185,"comment_status":"closed","ping_status":"closed","sticky":false,"template":"","format":"standard","meta":{"_acf_changed":false,"footnotes":""},"categories":[2],"tags":[],"class_list":["post-5187","post","type-post","status-publish","format-standard","has-post-thumbnail","hentry","category-berriak","category-2","description-off"],"acf":[],"yoast_head":"<!-- This site is optimized with the Yoast SEO plugin v26.6 - https:\/\/yoast.com\/wordpress\/plugins\/seo\/ -->\n<title>\u2018TODA Navarra I\u2019 energia komunitateak bete-betean abian jartzeko azken urratsak egingo ditu | Albisteak | Edinor<\/title>\n<meta name=\"description\" content=\"\u2018TODA Navarra I\u2019 energia komunitatea osatzen duten udaletako alkateek eta ordezkariek bilera egin dute gaur Nafarroako Merkataritza Ganberan, proiektuaren aurrerapenak ebaluatzeko eta energia komunitatea erabat martxan jartzeko azken urratsak adosteko.\" \/>\n<meta name=\"robots\" content=\"index, follow, max-snippet:-1, max-image-preview:large, max-video-preview:-1\" \/>\n<link rel=\"canonical\" href=\"https:\/\/www.edinor.eus\/eu\/berriak\/toda-navarra-i-energia-komunitateak-bete-betean-abian-jartzeko-azken-urratsak-egingo-ditu\/\" \/>\n<meta property=\"og:locale\" content=\"eu_ES\" \/>\n<meta property=\"og:type\" content=\"article\" \/>\n<meta property=\"og:title\" content=\"\u2018TODA Navarra I\u2019 energia komunitateak bete-betean abian jartzeko azken urratsak egingo ditu | Albisteak | Edinor\" \/>\n<meta property=\"og:description\" content=\"\u2018TODA Navarra I\u2019 energia komunitatea osatzen duten udaletako alkateek eta ordezkariek bilera egin dute gaur Nafarroako Merkataritza Ganberan, proiektuaren aurrerapenak ebaluatzeko eta energia komunitatea erabat martxan jartzeko azken urratsak adosteko.\" \/>\n<meta property=\"og:url\" content=\"https:\/\/www.edinor.eus\/eu\/berriak\/toda-navarra-i-energia-komunitateak-bete-betean-abian-jartzeko-azken-urratsak-egingo-ditu\/\" \/>\n<meta property=\"og:site_name\" content=\"Edinor\" \/>\n<meta property=\"article:published_time\" content=\"2023-06-28T08:10:45+00:00\" \/>\n<meta property=\"article:modified_time\" content=\"2023-07-03T09:17:35+00:00\" \/>\n<meta property=\"og:image\" content=\"https:\/\/www.edinor.eus\/uploads\/2023\/07\/ALCALDES-TODA-ENERGI\u0301A-JORNADA-003-860x422-1.jpeg\" \/>\n\t<meta property=\"og:image:width\" content=\"860\" \/>\n\t<meta property=\"og:image:height\" content=\"422\" \/>\n\t<meta property=\"og:image:type\" content=\"image\/jpeg\" \/>\n<meta name=\"author\" content=\"Idoia\" \/>\n<meta name=\"twitter:card\" content=\"summary_large_image\" \/>\n<meta name=\"twitter:label1\" content=\"Written by\" \/>\n\t<meta name=\"twitter:data1\" content=\"Idoia\" \/>\n\t<meta name=\"twitter:label2\" content=\"Est. reading time\" \/>\n\t<meta name=\"twitter:data2\" content=\"2 minutes\" \/>\n<script type=\"application\/ld+json\" class=\"yoast-schema-graph\">{\"@context\":\"https:\/\/schema.org\",\"@graph\":[{\"@type\":\"WebPage\",\"@id\":\"https:\/\/www.edinor.eus\/eu\/berriak\/toda-navarra-i-energia-komunitateak-bete-betean-abian-jartzeko-azken-urratsak-egingo-ditu\/\",\"url\":\"https:\/\/www.edinor.eus\/eu\/berriak\/toda-navarra-i-energia-komunitateak-bete-betean-abian-jartzeko-azken-urratsak-egingo-ditu\/\",\"name\":\"\u2018TODA Navarra I\u2019 energia komunitateak bete-betean abian jartzeko azken urratsak egingo ditu | Albisteak | Edinor\",\"isPartOf\":{\"@id\":\"https:\/\/www.edinor.eus\/#website\"},\"primaryImageOfPage\":{\"@id\":\"https:\/\/www.edinor.eus\/eu\/berriak\/toda-navarra-i-energia-komunitateak-bete-betean-abian-jartzeko-azken-urratsak-egingo-ditu\/#primaryimage\"},\"image\":{\"@id\":\"https:\/\/www.edinor.eus\/eu\/berriak\/toda-navarra-i-energia-komunitateak-bete-betean-abian-jartzeko-azken-urratsak-egingo-ditu\/#primaryimage\"},\"thumbnailUrl\":\"https:\/\/www.edinor.eus\/uploads\/2023\/07\/ALCALDES-TODA-ENERGI\u0301A-JORNADA-003-860x422-1.jpeg\",\"datePublished\":\"2023-06-28T08:10:45+00:00\",\"dateModified\":\"2023-07-03T09:17:35+00:00\",\"author\":{\"@id\":\"https:\/\/www.edinor.eus\/#\/schema\/person\/537aa012bc391c16c27eb64c5d15c3f2\"},\"description\":\"\u2018TODA Navarra I\u2019 energia komunitatea osatzen duten udaletako alkateek eta ordezkariek bilera egin dute gaur Nafarroako Merkataritza Ganberan, proiektuaren aurrerapenak ebaluatzeko eta energia komunitatea erabat martxan jartzeko azken urratsak adosteko.\",\"breadcrumb\":{\"@id\":\"https:\/\/www.edinor.eus\/eu\/berriak\/toda-navarra-i-energia-komunitateak-bete-betean-abian-jartzeko-azken-urratsak-egingo-ditu\/#breadcrumb\"},\"inLanguage\":\"eu-ES\",\"potentialAction\":[{\"@type\":\"ReadAction\",\"target\":[\"https:\/\/www.edinor.eus\/eu\/berriak\/toda-navarra-i-energia-komunitateak-bete-betean-abian-jartzeko-azken-urratsak-egingo-ditu\/\"]}]},{\"@type\":\"ImageObject\",\"inLanguage\":\"eu-ES\",\"@id\":\"https:\/\/www.edinor.eus\/eu\/berriak\/toda-navarra-i-energia-komunitateak-bete-betean-abian-jartzeko-azken-urratsak-egingo-ditu\/#primaryimage\",\"url\":\"https:\/\/www.edinor.eus\/uploads\/2023\/07\/ALCALDES-TODA-ENERGI\u0301A-JORNADA-003-860x422-1.jpeg\",\"contentUrl\":\"https:\/\/www.edinor.eus\/uploads\/2023\/07\/ALCALDES-TODA-ENERGI\u0301A-JORNADA-003-860x422-1.jpeg\",\"width\":860,\"height\":422},{\"@type\":\"BreadcrumbList\",\"@id\":\"https:\/\/www.edinor.eus\/eu\/berriak\/toda-navarra-i-energia-komunitateak-bete-betean-abian-jartzeko-azken-urratsak-egingo-ditu\/#breadcrumb\",\"itemListElement\":[{\"@type\":\"ListItem\",\"position\":1,\"name\":\"Home\",\"item\":\"https:\/\/www.edinor.eus\/eu\/\"},{\"@type\":\"ListItem\",\"position\":2,\"name\":\"\u2018TODA Navarra I\u2019 energia komunitateak bete-betean abian jartzeko azken urratsak egingo ditu\"}]},{\"@type\":\"WebSite\",\"@id\":\"https:\/\/www.edinor.eus\/#website\",\"url\":\"https:\/\/www.edinor.eus\/\",\"name\":\"Edinor\",\"description\":\"Energia banatuko eta autokontsumo partekatuko soluzioak sustatzen ditugu\",\"potentialAction\":[{\"@type\":\"SearchAction\",\"target\":{\"@type\":\"EntryPoint\",\"urlTemplate\":\"https:\/\/www.edinor.eus\/?s={search_term_string}\"},\"query-input\":{\"@type\":\"PropertyValueSpecification\",\"valueRequired\":true,\"valueName\":\"search_term_string\"}}],\"inLanguage\":\"eu-ES\"},{\"@type\":\"Person\",\"@id\":\"https:\/\/www.edinor.eus\/#\/schema\/person\/537aa012bc391c16c27eb64c5d15c3f2\",\"name\":\"Idoia\",\"image\":{\"@type\":\"ImageObject\",\"inLanguage\":\"eu-ES\",\"@id\":\"https:\/\/www.edinor.eus\/#\/schema\/person\/image\/\",\"url\":\"https:\/\/secure.gravatar.com\/avatar\/bbf2ab9d34f3128c61d3c75308254052c08c9edcce59a779662b4046415e4d92?s=96&d=mm&r=g\",\"contentUrl\":\"https:\/\/secure.gravatar.com\/avatar\/bbf2ab9d34f3128c61d3c75308254052c08c9edcce59a779662b4046415e4d92?s=96&d=mm&r=g\",\"caption\":\"Idoia\"}}]}<\/script>\n<!-- \/ Yoast SEO plugin. -->","yoast_head_json":{"title":"\u2018TODA Navarra I\u2019 energia komunitateak bete-betean abian jartzeko azken urratsak egingo ditu | Albisteak | Edinor","description":"\u2018TODA Navarra I\u2019 energia komunitatea osatzen duten udaletako alkateek eta ordezkariek bilera egin dute gaur Nafarroako Merkataritza Ganberan, proiektuaren aurrerapenak ebaluatzeko eta energia komunitatea erabat martxan jartzeko azken urratsak adosteko.","robots":{"index":"index","follow":"follow","max-snippet":"max-snippet:-1","max-image-preview":"max-image-preview:large","max-video-preview":"max-video-preview:-1"},"canonical":"https:\/\/www.edinor.eus\/eu\/berriak\/toda-navarra-i-energia-komunitateak-bete-betean-abian-jartzeko-azken-urratsak-egingo-ditu\/","og_locale":"eu_ES","og_type":"article","og_title":"\u2018TODA Navarra I\u2019 energia komunitateak bete-betean abian jartzeko azken urratsak egingo ditu | Albisteak | Edinor","og_description":"\u2018TODA Navarra I\u2019 energia komunitatea osatzen duten udaletako alkateek eta ordezkariek bilera egin dute gaur Nafarroako Merkataritza Ganberan, proiektuaren aurrerapenak ebaluatzeko eta energia komunitatea erabat martxan jartzeko azken urratsak adosteko.","og_url":"https:\/\/www.edinor.eus\/eu\/berriak\/toda-navarra-i-energia-komunitateak-bete-betean-abian-jartzeko-azken-urratsak-egingo-ditu\/","og_site_name":"Edinor","article_published_time":"2023-06-28T08:10:45+00:00","article_modified_time":"2023-07-03T09:17:35+00:00","og_image":[{"width":860,"height":422,"url":"https:\/\/www.edinor.eus\/uploads\/2023\/07\/ALCALDES-TODA-ENERGI\u0301A-JORNADA-003-860x422-1.jpeg","type":"image\/jpeg"}],"author":"Idoia","twitter_card":"summary_large_image","twitter_misc":{"Written by":"Idoia","Est. reading time":"2 minutes"},"schema":{"@context":"https:\/\/schema.org","@graph":[{"@type":"WebPage","@id":"https:\/\/www.edinor.eus\/eu\/berriak\/toda-navarra-i-energia-komunitateak-bete-betean-abian-jartzeko-azken-urratsak-egingo-ditu\/","url":"https:\/\/www.edinor.eus\/eu\/berriak\/toda-navarra-i-energia-komunitateak-bete-betean-abian-jartzeko-azken-urratsak-egingo-ditu\/","name":"\u2018TODA Navarra I\u2019 energia komunitateak bete-betean abian jartzeko azken urratsak egingo ditu | Albisteak | Edinor","isPartOf":{"@id":"https:\/\/www.edinor.eus\/#website"},"primaryImageOfPage":{"@id":"https:\/\/www.edinor.eus\/eu\/berriak\/toda-navarra-i-energia-komunitateak-bete-betean-abian-jartzeko-azken-urratsak-egingo-ditu\/#primaryimage"},"image":{"@id":"https:\/\/www.edinor.eus\/eu\/berriak\/toda-navarra-i-energia-komunitateak-bete-betean-abian-jartzeko-azken-urratsak-egingo-ditu\/#primaryimage"},"thumbnailUrl":"https:\/\/www.edinor.eus\/uploads\/2023\/07\/ALCALDES-TODA-ENERGI\u0301A-JORNADA-003-860x422-1.jpeg","datePublished":"2023-06-28T08:10:45+00:00","dateModified":"2023-07-03T09:17:35+00:00","author":{"@id":"https:\/\/www.edinor.eus\/#\/schema\/person\/537aa012bc391c16c27eb64c5d15c3f2"},"description":"\u2018TODA Navarra I\u2019 energia komunitatea osatzen duten udaletako alkateek eta ordezkariek bilera egin dute gaur Nafarroako Merkataritza Ganberan, proiektuaren aurrerapenak ebaluatzeko eta energia komunitatea erabat martxan jartzeko azken urratsak adosteko.","breadcrumb":{"@id":"https:\/\/www.edinor.eus\/eu\/berriak\/toda-navarra-i-energia-komunitateak-bete-betean-abian-jartzeko-azken-urratsak-egingo-ditu\/#breadcrumb"},"inLanguage":"eu-ES","potentialAction":[{"@type":"ReadAction","target":["https:\/\/www.edinor.eus\/eu\/berriak\/toda-navarra-i-energia-komunitateak-bete-betean-abian-jartzeko-azken-urratsak-egingo-ditu\/"]}]},{"@type":"ImageObject","inLanguage":"eu-ES","@id":"https:\/\/www.edinor.eus\/eu\/berriak\/toda-navarra-i-energia-komunitateak-bete-betean-abian-jartzeko-azken-urratsak-egingo-ditu\/#primaryimage","url":"https:\/\/www.edinor.eus\/uploads\/2023\/07\/ALCALDES-TODA-ENERGI\u0301A-JORNADA-003-860x422-1.jpeg","contentUrl":"https:\/\/www.edinor.eus\/uploads\/2023\/07\/ALCALDES-TODA-ENERGI\u0301A-JORNADA-003-860x422-1.jpeg","width":860,"height":422},{"@type":"BreadcrumbList","@id":"https:\/\/www.edinor.eus\/eu\/berriak\/toda-navarra-i-energia-komunitateak-bete-betean-abian-jartzeko-azken-urratsak-egingo-ditu\/#breadcrumb","itemListElement":[{"@type":"ListItem","position":1,"name":"Home","item":"https:\/\/www.edinor.eus\/eu\/"},{"@type":"ListItem","position":2,"name":"\u2018TODA Navarra I\u2019 energia komunitateak bete-betean abian jartzeko azken urratsak egingo ditu"}]},{"@type":"WebSite","@id":"https:\/\/www.edinor.eus\/#website","url":"https:\/\/www.edinor.eus\/","name":"Edinor","description":"Energia banatuko eta autokontsumo partekatuko soluzioak sustatzen ditugu","potentialAction":[{"@type":"SearchAction","target":{"@type":"EntryPoint","urlTemplate":"https:\/\/www.edinor.eus\/?s={search_term_string}"},"query-input":{"@type":"PropertyValueSpecification","valueRequired":true,"valueName":"search_term_string"}}],"inLanguage":"eu-ES"},{"@type":"Person","@id":"https:\/\/www.edinor.eus\/#\/schema\/person\/537aa012bc391c16c27eb64c5d15c3f2","name":"Idoia","image":{"@type":"ImageObject","inLanguage":"eu-ES","@id":"https:\/\/www.edinor.eus\/#\/schema\/person\/image\/","url":"https:\/\/secure.gravatar.com\/avatar\/bbf2ab9d34f3128c61d3c75308254052c08c9edcce59a779662b4046415e4d92?s=96&d=mm&r=g","contentUrl":"https:\/\/secure.gravatar.com\/avatar\/bbf2ab9d34f3128c61d3c75308254052c08c9edcce59a779662b4046415e4d92?s=96&d=mm&r=g","caption":"Idoia"}}]}},"_links":{"self":[{"href":"https:\/\/www.edinor.eus\/eu\/wp-json\/wp\/v2\/posts\/5187","targetHints":{"allow":["GET"]}}],"collection":[{"href":"https:\/\/www.edinor.eus\/eu\/wp-json\/wp\/v2\/posts"}],"about":[{"href":"https:\/\/www.edinor.eus\/eu\/wp-json\/wp\/v2\/types\/post"}],"author":[{"embeddable":true,"href":"https:\/\/www.edinor.eus\/eu\/wp-json\/wp\/v2\/users\/2"}],"replies":[{"embeddable":true,"href":"https:\/\/www.edinor.eus\/eu\/wp-json\/wp\/v2\/comments?post=5187"}],"version-history":[{"count":1,"href":"https:\/\/www.edinor.eus\/eu\/wp-json\/wp\/v2\/posts\/5187\/revisions"}],"predecessor-version":[{"id":5188,"href":"https:\/\/www.edinor.eus\/eu\/wp-json\/wp\/v2\/posts\/5187\/revisions\/5188"}],"wp:featuredmedia":[{"embeddable":true,"href":"https:\/\/www.edinor.eus\/eu\/wp-json\/wp\/v2\/media\/5185"}],"wp:attachment":[{"href":"https:\/\/www.edinor.eus\/eu\/wp-json\/wp\/v2\/media?parent=5187"}],"wp:term":[{"taxonomy":"category","embeddable":true,"href":"https:\/\/www.edinor.eus\/eu\/wp-json\/wp\/v2\/categories?post=5187"},{"taxonomy":"post_tag","embeddable":true,"href":"https:\/\/www.edinor.eus\/eu\/wp-json\/wp\/v2\/tags?post=5187"}],"curies":[{"name":"wp","href":"https:\/\/api.w.org\/{rel}","templated":true}]}}