{"id":4771,"date":"2023-01-18T14:09:24","date_gmt":"2023-01-18T14:09:24","guid":{"rendered":"https:\/\/edinor.eus\/?p=4771"},"modified":"2023-07-04T11:38:23","modified_gmt":"2023-07-04T11:38:23","slug":"ireki-da-lasarte-oriako-tek-energia-komunitatean-euskadiko-ezarpen-handienekoan-parte-hartzeko-izena-emateko-epea","status":"publish","type":"post","link":"https:\/\/www.edinor.eus\/eu\/berriak\/ireki-da-lasarte-oriako-tek-energia-komunitatean-euskadiko-ezarpen-handienekoan-parte-hartzeko-izena-emateko-epea\/","title":{"rendered":"Ireki da Lasarte-Oriako TEK energia komunitatean, Euskadiko ezarpen handienekoan, parte hartzeko izena emateko epea"},"content":{"rendered":"<p>[vc_row css=&#8221;.vc_custom_1657704521321{margin-bottom: 30px !important;}&#8221;][vc_column][vc_row_inner][vc_column_inner]<div id=\"ultimate-heading-648069f0fb459de17\" class=\"uvc-heading ult-adjust-bottom-margin ultimate-heading-648069f0fb459de17 uvc-9892 \" data-hspacer=\"no_spacer\"  data-halign=\"left\" style=\"text-align:left\"><div class=\"uvc-heading-spacer no_spacer\" style=\"top\"><\/div><div class=\"uvc-main-heading ult-responsive\"  data-ultimate-target='.uvc-heading.ultimate-heading-648069f0fb459de17 h1'  data-responsive-json-new='{\"font-size\":\"desktop:40px;\",\"line-height\":\"desktop:48px;\"}' ><h1 style=\"--font-weight:theme;color:#33cbcf;margin-bottom:30px;\">Edinorren TEK eredua Kantabrian abiatu da<\/h1><\/div><\/div>[\/vc_column_inner][\/vc_row_inner][vc_row_inner][vc_column_inner][vc_single_image image=&#8221;4756&#8243; img_size=&#8221;full&#8221; alignment=&#8221;center&#8221;][\/vc_column_inner][\/vc_row_inner][vc_row_inner][vc_column_inner width=&#8221;1\/4&#8243;][\/vc_column_inner][vc_column_inner width=&#8221;1\/2&#8243;][vc_column_text]<\/p>\n<h6 class=\"pieDeFoto\" style=\"text-align: center;\">Juan Diego, consejero delegado de Edinor; Agust\u00edn Valdivia, alcalde de Lasarte Oria; Miguel de los Toyos, viceconsejero de Planificaci\u00f3n Territorial del Gobierno Vasco; Jos\u00e9 Ignacio Asensio, diputado foral de Medio Ambiente y Obras Hidr\u00e1ulicas de la Diputaci\u00f3n Foral de Gipuzkoa, y M\u00f3nica Pedreira, directora de Medio Ambiente de la Diputaci\u00f3n Foral de Gipuzkoa.<\/h6>\n<p>[\/vc_column_text][\/vc_column_inner][vc_column_inner width=&#8221;1\/4&#8243;][\/vc_column_inner][\/vc_row_inner][vc_row_inner][vc_column_inner][vc_column_text]<\/p>\n<p style=\"text-align: left;\">2023ko URTARRILAK 18<\/p>\n<p>[\/vc_column_text][vc_column_text]Milioi eta erdi euroko inbertsioarekin, Lasarte-Oriako energia komunitatea \u2013Petronorren filiala den Edinorren TEK ereduaren arabera eratua-, izango da ia udalerri oso baten energia trantsizioa ziurtatzen duen Euskadiko lehena; horretarako, estrategikoki kokatu dira sei instalazio, udalerriko auzo guztiek autokontsumo erregimenean energia garbi eta berriztagarria eskuratu dezaketela bermatzeko.<br \/>\nLasarte-Oriako TEKa atzo aurkeztu zieten herritarrei, Jos\u00e9 Ignacio Asensio, Gipuzkoako Foru Aldundiko Ingurumeneko eta Obra Hidraulikoetako foru diputatua; Agust\u00edn Valdivia, Lasarte-Oriako alkatea; Miguel de los Toyos, Eusko Jaurlaritzako Lurralde Plangintzako sailburuordea, eta Juan Diego, Edinorreko kontseilari delegatua.<\/p>\n<p>Plakak eremu hauetan jarriko dira: Michelin kirolgunea, Garaikoetxea Landaberri ikastola, Sasoeta ikastola, Zumaburu ikastetxe publikoa, Lorezaintza Biltegia eta Zabaleta frontoia. Sei instalazio horien azalera erabilgarria 4.700 m2-koa izango da orotara, eta 1.476 plaka ezarriko dira bertan, energia % 100 berriztagarri eta deskarbonizatuko 545 kW inguruko potentzia emateko. Hala, fakturan % 25eko aurrezpen ekonomikoa lortuko dute milatik gora bizilagunek eta saltoki txikik.<\/p>\n<p>Eraikin publikoen estalkietan instalazioak ezartzeaz gain, proiektuak Basaundi auzoaren birgaitze energetikoari helduko dio. Horretarako, lurzati batean plaka fotovoltaikoak jarriko dira, 180 erabiltzaileri \u2013familien eta tokiko saltokien artean\u2013 energia garbia eta berriztagarria emateko. Instalazio horrek biltegiratze bateria batzuk izango ditu, energia soberakina jasoko dutenak, gero efizienteki banatzeko.<\/p>\n<p>Juan Diego Edinorreko kontseilari delegatua adierazi zuenez, \u201c<em>TEKen eskutik abian jartzen dugun eraldaketa bidean benetako mugarri baten aurrean gaude; izan ere, tokiko energiaren kontsumoa eta ingurumena errespetatzen duena guztiontzako errealitatea da gaurtik aurrera Lasarte-Orian<\/em>\u201d[\/vc_column_text][\/vc_column_inner][\/vc_row_inner][\/vc_column][\/vc_row]<\/p>\n","protected":false},"excerpt":{"rendered":"<p>Milioi eta erdiko inbertsioaren bidez, Lasarte-Oriako energia mankomunitatea (TEK) izango da ia udalerri osoarentzat trantsizio energetikoa bermatuko duen lehen udalerria Euskal Herrian.<\/p>\n","protected":false},"author":2,"featured_media":4756,"comment_status":"closed","ping_status":"closed","sticky":false,"template":"","format":"standard","meta":{"_acf_changed":false,"footnotes":""},"categories":[2],"tags":[],"class_list":["post-4771","post","type-post","status-publish","format-standard","has-post-thumbnail","hentry","category-berriak","category-2","description-off"],"acf":[],"yoast_head":"<!-- This site is optimized with the Yoast SEO plugin v26.6 - https:\/\/yoast.com\/wordpress\/plugins\/seo\/ -->\n<title>Ireki da Lasarte-Oriako TEK energia komunitatean, Euskadiko ezarpen handienekoan, parte hartzeko izena emateko epea | Albisteak | Edinor<\/title>\n<meta name=\"description\" content=\"Milioi eta erdiko inbertsioaren bidez, Lasarte-Oriako energia mankomunitatea (TEK) izango da ia udalerri osoarentzat trantsizio energetikoa bermatuko duen lehen udalerria Euskal Herrian.\" \/>\n<meta name=\"robots\" content=\"index, follow, max-snippet:-1, max-image-preview:large, max-video-preview:-1\" \/>\n<link rel=\"canonical\" href=\"https:\/\/www.edinor.eus\/eu\/berriak\/ireki-da-lasarte-oriako-tek-energia-komunitatean-euskadiko-ezarpen-handienekoan-parte-hartzeko-izena-emateko-epea\/\" \/>\n<meta property=\"og:locale\" content=\"eu_ES\" \/>\n<meta property=\"og:type\" content=\"article\" \/>\n<meta property=\"og:title\" content=\"Ireki da Lasarte-Oriako TEK energia komunitatean, Euskadiko ezarpen handienekoan, parte hartzeko izena emateko epea | Albisteak | Edinor\" \/>\n<meta property=\"og:description\" content=\"Milioi eta erdiko inbertsioaren bidez, Lasarte-Oriako energia mankomunitatea (TEK) izango da ia udalerri osoarentzat trantsizio energetikoa bermatuko duen lehen udalerria Euskal Herrian.\" \/>\n<meta property=\"og:url\" content=\"https:\/\/www.edinor.eus\/eu\/berriak\/ireki-da-lasarte-oriako-tek-energia-komunitatean-euskadiko-ezarpen-handienekoan-parte-hartzeko-izena-emateko-epea\/\" \/>\n<meta property=\"og:site_name\" content=\"Edinor\" \/>\n<meta property=\"article:published_time\" content=\"2023-01-18T14:09:24+00:00\" \/>\n<meta property=\"article:modified_time\" content=\"2023-07-04T11:38:23+00:00\" \/>\n<meta property=\"og:image\" content=\"https:\/\/www.edinor.eus\/uploads\/2023\/03\/Petronor_TEKLasarteOria-1-2.jpeg\" \/>\n\t<meta property=\"og:image:width\" content=\"749\" \/>\n\t<meta property=\"og:image:height\" content=\"500\" \/>\n\t<meta property=\"og:image:type\" content=\"image\/jpeg\" \/>\n<meta name=\"author\" content=\"Idoia\" \/>\n<meta name=\"twitter:card\" content=\"summary_large_image\" \/>\n<meta name=\"twitter:label1\" content=\"Written by\" \/>\n\t<meta name=\"twitter:data1\" content=\"Idoia\" \/>\n\t<meta name=\"twitter:label2\" content=\"Est. reading time\" \/>\n\t<meta name=\"twitter:data2\" content=\"2 minutes\" \/>\n<script type=\"application\/ld+json\" class=\"yoast-schema-graph\">{\"@context\":\"https:\/\/schema.org\",\"@graph\":[{\"@type\":\"WebPage\",\"@id\":\"https:\/\/www.edinor.eus\/eu\/berriak\/ireki-da-lasarte-oriako-tek-energia-komunitatean-euskadiko-ezarpen-handienekoan-parte-hartzeko-izena-emateko-epea\/\",\"url\":\"https:\/\/www.edinor.eus\/eu\/berriak\/ireki-da-lasarte-oriako-tek-energia-komunitatean-euskadiko-ezarpen-handienekoan-parte-hartzeko-izena-emateko-epea\/\",\"name\":\"Ireki da Lasarte-Oriako TEK energia komunitatean, Euskadiko ezarpen handienekoan, parte hartzeko izena emateko epea | Albisteak | Edinor\",\"isPartOf\":{\"@id\":\"https:\/\/www.edinor.eus\/#website\"},\"primaryImageOfPage\":{\"@id\":\"https:\/\/www.edinor.eus\/eu\/berriak\/ireki-da-lasarte-oriako-tek-energia-komunitatean-euskadiko-ezarpen-handienekoan-parte-hartzeko-izena-emateko-epea\/#primaryimage\"},\"image\":{\"@id\":\"https:\/\/www.edinor.eus\/eu\/berriak\/ireki-da-lasarte-oriako-tek-energia-komunitatean-euskadiko-ezarpen-handienekoan-parte-hartzeko-izena-emateko-epea\/#primaryimage\"},\"thumbnailUrl\":\"https:\/\/www.edinor.eus\/uploads\/2023\/03\/Petronor_TEKLasarteOria-1-2.jpeg\",\"datePublished\":\"2023-01-18T14:09:24+00:00\",\"dateModified\":\"2023-07-04T11:38:23+00:00\",\"author\":{\"@id\":\"https:\/\/www.edinor.eus\/#\/schema\/person\/537aa012bc391c16c27eb64c5d15c3f2\"},\"description\":\"Milioi eta erdiko inbertsioaren bidez, Lasarte-Oriako energia mankomunitatea (TEK) izango da ia udalerri osoarentzat trantsizio energetikoa bermatuko duen lehen udalerria Euskal Herrian.\",\"breadcrumb\":{\"@id\":\"https:\/\/www.edinor.eus\/eu\/berriak\/ireki-da-lasarte-oriako-tek-energia-komunitatean-euskadiko-ezarpen-handienekoan-parte-hartzeko-izena-emateko-epea\/#breadcrumb\"},\"inLanguage\":\"eu-ES\",\"potentialAction\":[{\"@type\":\"ReadAction\",\"target\":[\"https:\/\/www.edinor.eus\/eu\/berriak\/ireki-da-lasarte-oriako-tek-energia-komunitatean-euskadiko-ezarpen-handienekoan-parte-hartzeko-izena-emateko-epea\/\"]}]},{\"@type\":\"ImageObject\",\"inLanguage\":\"eu-ES\",\"@id\":\"https:\/\/www.edinor.eus\/eu\/berriak\/ireki-da-lasarte-oriako-tek-energia-komunitatean-euskadiko-ezarpen-handienekoan-parte-hartzeko-izena-emateko-epea\/#primaryimage\",\"url\":\"https:\/\/www.edinor.eus\/uploads\/2023\/03\/Petronor_TEKLasarteOria-1-2.jpeg\",\"contentUrl\":\"https:\/\/www.edinor.eus\/uploads\/2023\/03\/Petronor_TEKLasarteOria-1-2.jpeg\",\"width\":749,\"height\":500},{\"@type\":\"BreadcrumbList\",\"@id\":\"https:\/\/www.edinor.eus\/eu\/berriak\/ireki-da-lasarte-oriako-tek-energia-komunitatean-euskadiko-ezarpen-handienekoan-parte-hartzeko-izena-emateko-epea\/#breadcrumb\",\"itemListElement\":[{\"@type\":\"ListItem\",\"position\":1,\"name\":\"Home\",\"item\":\"https:\/\/www.edinor.eus\/eu\/\"},{\"@type\":\"ListItem\",\"position\":2,\"name\":\"Ireki da Lasarte-Oriako TEK energia komunitatean, Euskadiko ezarpen handienekoan, parte hartzeko izena emateko epea\"}]},{\"@type\":\"WebSite\",\"@id\":\"https:\/\/www.edinor.eus\/#website\",\"url\":\"https:\/\/www.edinor.eus\/\",\"name\":\"Edinor\",\"description\":\"Energia banatuko eta autokontsumo partekatuko soluzioak sustatzen ditugu\",\"potentialAction\":[{\"@type\":\"SearchAction\",\"target\":{\"@type\":\"EntryPoint\",\"urlTemplate\":\"https:\/\/www.edinor.eus\/?s={search_term_string}\"},\"query-input\":{\"@type\":\"PropertyValueSpecification\",\"valueRequired\":true,\"valueName\":\"search_term_string\"}}],\"inLanguage\":\"eu-ES\"},{\"@type\":\"Person\",\"@id\":\"https:\/\/www.edinor.eus\/#\/schema\/person\/537aa012bc391c16c27eb64c5d15c3f2\",\"name\":\"Idoia\",\"image\":{\"@type\":\"ImageObject\",\"inLanguage\":\"eu-ES\",\"@id\":\"https:\/\/www.edinor.eus\/#\/schema\/person\/image\/\",\"url\":\"https:\/\/secure.gravatar.com\/avatar\/bbf2ab9d34f3128c61d3c75308254052c08c9edcce59a779662b4046415e4d92?s=96&d=mm&r=g\",\"contentUrl\":\"https:\/\/secure.gravatar.com\/avatar\/bbf2ab9d34f3128c61d3c75308254052c08c9edcce59a779662b4046415e4d92?s=96&d=mm&r=g\",\"caption\":\"Idoia\"}}]}<\/script>\n<!-- \/ Yoast SEO plugin. -->","yoast_head_json":{"title":"Ireki da Lasarte-Oriako TEK energia komunitatean, Euskadiko ezarpen handienekoan, parte hartzeko izena emateko epea | Albisteak | Edinor","description":"Milioi eta erdiko inbertsioaren bidez, Lasarte-Oriako energia mankomunitatea (TEK) izango da ia udalerri osoarentzat trantsizio energetikoa bermatuko duen lehen udalerria Euskal Herrian.","robots":{"index":"index","follow":"follow","max-snippet":"max-snippet:-1","max-image-preview":"max-image-preview:large","max-video-preview":"max-video-preview:-1"},"canonical":"https:\/\/www.edinor.eus\/eu\/berriak\/ireki-da-lasarte-oriako-tek-energia-komunitatean-euskadiko-ezarpen-handienekoan-parte-hartzeko-izena-emateko-epea\/","og_locale":"eu_ES","og_type":"article","og_title":"Ireki da Lasarte-Oriako TEK energia komunitatean, Euskadiko ezarpen handienekoan, parte hartzeko izena emateko epea | Albisteak | Edinor","og_description":"Milioi eta erdiko inbertsioaren bidez, Lasarte-Oriako energia mankomunitatea (TEK) izango da ia udalerri osoarentzat trantsizio energetikoa bermatuko duen lehen udalerria Euskal Herrian.","og_url":"https:\/\/www.edinor.eus\/eu\/berriak\/ireki-da-lasarte-oriako-tek-energia-komunitatean-euskadiko-ezarpen-handienekoan-parte-hartzeko-izena-emateko-epea\/","og_site_name":"Edinor","article_published_time":"2023-01-18T14:09:24+00:00","article_modified_time":"2023-07-04T11:38:23+00:00","og_image":[{"width":749,"height":500,"url":"https:\/\/www.edinor.eus\/uploads\/2023\/03\/Petronor_TEKLasarteOria-1-2.jpeg","type":"image\/jpeg"}],"author":"Idoia","twitter_card":"summary_large_image","twitter_misc":{"Written by":"Idoia","Est. reading time":"2 minutes"},"schema":{"@context":"https:\/\/schema.org","@graph":[{"@type":"WebPage","@id":"https:\/\/www.edinor.eus\/eu\/berriak\/ireki-da-lasarte-oriako-tek-energia-komunitatean-euskadiko-ezarpen-handienekoan-parte-hartzeko-izena-emateko-epea\/","url":"https:\/\/www.edinor.eus\/eu\/berriak\/ireki-da-lasarte-oriako-tek-energia-komunitatean-euskadiko-ezarpen-handienekoan-parte-hartzeko-izena-emateko-epea\/","name":"Ireki da Lasarte-Oriako TEK energia komunitatean, Euskadiko ezarpen handienekoan, parte hartzeko izena emateko epea | Albisteak | Edinor","isPartOf":{"@id":"https:\/\/www.edinor.eus\/#website"},"primaryImageOfPage":{"@id":"https:\/\/www.edinor.eus\/eu\/berriak\/ireki-da-lasarte-oriako-tek-energia-komunitatean-euskadiko-ezarpen-handienekoan-parte-hartzeko-izena-emateko-epea\/#primaryimage"},"image":{"@id":"https:\/\/www.edinor.eus\/eu\/berriak\/ireki-da-lasarte-oriako-tek-energia-komunitatean-euskadiko-ezarpen-handienekoan-parte-hartzeko-izena-emateko-epea\/#primaryimage"},"thumbnailUrl":"https:\/\/www.edinor.eus\/uploads\/2023\/03\/Petronor_TEKLasarteOria-1-2.jpeg","datePublished":"2023-01-18T14:09:24+00:00","dateModified":"2023-07-04T11:38:23+00:00","author":{"@id":"https:\/\/www.edinor.eus\/#\/schema\/person\/537aa012bc391c16c27eb64c5d15c3f2"},"description":"Milioi eta erdiko inbertsioaren bidez, Lasarte-Oriako energia mankomunitatea (TEK) izango da ia udalerri osoarentzat trantsizio energetikoa bermatuko duen lehen udalerria Euskal Herrian.","breadcrumb":{"@id":"https:\/\/www.edinor.eus\/eu\/berriak\/ireki-da-lasarte-oriako-tek-energia-komunitatean-euskadiko-ezarpen-handienekoan-parte-hartzeko-izena-emateko-epea\/#breadcrumb"},"inLanguage":"eu-ES","potentialAction":[{"@type":"ReadAction","target":["https:\/\/www.edinor.eus\/eu\/berriak\/ireki-da-lasarte-oriako-tek-energia-komunitatean-euskadiko-ezarpen-handienekoan-parte-hartzeko-izena-emateko-epea\/"]}]},{"@type":"ImageObject","inLanguage":"eu-ES","@id":"https:\/\/www.edinor.eus\/eu\/berriak\/ireki-da-lasarte-oriako-tek-energia-komunitatean-euskadiko-ezarpen-handienekoan-parte-hartzeko-izena-emateko-epea\/#primaryimage","url":"https:\/\/www.edinor.eus\/uploads\/2023\/03\/Petronor_TEKLasarteOria-1-2.jpeg","contentUrl":"https:\/\/www.edinor.eus\/uploads\/2023\/03\/Petronor_TEKLasarteOria-1-2.jpeg","width":749,"height":500},{"@type":"BreadcrumbList","@id":"https:\/\/www.edinor.eus\/eu\/berriak\/ireki-da-lasarte-oriako-tek-energia-komunitatean-euskadiko-ezarpen-handienekoan-parte-hartzeko-izena-emateko-epea\/#breadcrumb","itemListElement":[{"@type":"ListItem","position":1,"name":"Home","item":"https:\/\/www.edinor.eus\/eu\/"},{"@type":"ListItem","position":2,"name":"Ireki da Lasarte-Oriako TEK energia komunitatean, Euskadiko ezarpen handienekoan, parte hartzeko izena emateko epea"}]},{"@type":"WebSite","@id":"https:\/\/www.edinor.eus\/#website","url":"https:\/\/www.edinor.eus\/","name":"Edinor","description":"Energia banatuko eta autokontsumo partekatuko soluzioak sustatzen ditugu","potentialAction":[{"@type":"SearchAction","target":{"@type":"EntryPoint","urlTemplate":"https:\/\/www.edinor.eus\/?s={search_term_string}"},"query-input":{"@type":"PropertyValueSpecification","valueRequired":true,"valueName":"search_term_string"}}],"inLanguage":"eu-ES"},{"@type":"Person","@id":"https:\/\/www.edinor.eus\/#\/schema\/person\/537aa012bc391c16c27eb64c5d15c3f2","name":"Idoia","image":{"@type":"ImageObject","inLanguage":"eu-ES","@id":"https:\/\/www.edinor.eus\/#\/schema\/person\/image\/","url":"https:\/\/secure.gravatar.com\/avatar\/bbf2ab9d34f3128c61d3c75308254052c08c9edcce59a779662b4046415e4d92?s=96&d=mm&r=g","contentUrl":"https:\/\/secure.gravatar.com\/avatar\/bbf2ab9d34f3128c61d3c75308254052c08c9edcce59a779662b4046415e4d92?s=96&d=mm&r=g","caption":"Idoia"}}]}},"_links":{"self":[{"href":"https:\/\/www.edinor.eus\/eu\/wp-json\/wp\/v2\/posts\/4771","targetHints":{"allow":["GET"]}}],"collection":[{"href":"https:\/\/www.edinor.eus\/eu\/wp-json\/wp\/v2\/posts"}],"about":[{"href":"https:\/\/www.edinor.eus\/eu\/wp-json\/wp\/v2\/types\/post"}],"author":[{"embeddable":true,"href":"https:\/\/www.edinor.eus\/eu\/wp-json\/wp\/v2\/users\/2"}],"replies":[{"embeddable":true,"href":"https:\/\/www.edinor.eus\/eu\/wp-json\/wp\/v2\/comments?post=4771"}],"version-history":[{"count":5,"href":"https:\/\/www.edinor.eus\/eu\/wp-json\/wp\/v2\/posts\/4771\/revisions"}],"predecessor-version":[{"id":5238,"href":"https:\/\/www.edinor.eus\/eu\/wp-json\/wp\/v2\/posts\/4771\/revisions\/5238"}],"wp:featuredmedia":[{"embeddable":true,"href":"https:\/\/www.edinor.eus\/eu\/wp-json\/wp\/v2\/media\/4756"}],"wp:attachment":[{"href":"https:\/\/www.edinor.eus\/eu\/wp-json\/wp\/v2\/media?parent=4771"}],"wp:term":[{"taxonomy":"category","embeddable":true,"href":"https:\/\/www.edinor.eus\/eu\/wp-json\/wp\/v2\/categories?post=4771"},{"taxonomy":"post_tag","embeddable":true,"href":"https:\/\/www.edinor.eus\/eu\/wp-json\/wp\/v2\/tags?post=4771"}],"curies":[{"name":"wp","href":"https:\/\/api.w.org\/{rel}","templated":true}]}}